{"id":1445,"date":"2019-05-21T13:56:22","date_gmt":"2019-05-21T16:56:22","guid":{"rendered":"https:\/\/www.epcontabil.com.br\/blog\/?p=1445"},"modified":"2019-07-16T08:25:04","modified_gmt":"2019-07-16T11:25:04","slug":"%ef%bb%bfreceita-apresenta-instrucoes-sobre-a-emissao-de-darf-avulso-para-2o-grupo-de-obrigados-a-dctfweb","status":"publish","type":"post","link":"https:\/\/www.epcontabil.com.br\/blog\/%ef%bb%bfreceita-apresenta-instrucoes-sobre-a-emissao-de-darf-avulso-para-2o-grupo-de-obrigados-a-dctfweb\/","title":{"rendered":"\ufeffReceita apresenta instru\u00e7\u00f5es sobre a emiss\u00e3o de Darf Avulso para 2\u00ba grupo de obrigados a DCTFWeb"},"content":{"rendered":"\n<p>A Secretaria Especial\nda Receita Federal do Brasil iniciou, neste m\u00eas de maio, a recep\u00e7\u00e3o da DCTFWeb\n(Declara\u00e7\u00e3o de D\u00e9bitos e Cr\u00e9ditos Tribut\u00e1rios Federais Previdenci\u00e1rios e de\nOutras Entidades e Fundos) das empresas do 2\u00ba Grupo da DCTFWeb.<\/p>\n\n\n\n<p>No 2\u00ba Grupo da DCTFWeb\nse enquadram as empresas que tiveram faturamento superior a R$ 4,8 milh\u00f5es em\n2017, conforme informado na Escritura\u00e7\u00e3o Cont\u00e1bil Fiscal &#8211; ECF no\nano-calend\u00e1rio 2017.<\/p>\n\n\n\n<p>Considerando que\nmuitas empresas solicitaram retifica\u00e7\u00e3o da ECF e que n\u00e3o haver\u00e1 tempo h\u00e1bil\npara habilitar a transmiss\u00e3o da DCTFWeb, impossibilitando a emiss\u00e3o de DARF\nnumerado dentro do prazo de vencimento, estas empresas devem seguir as\nseguintes orienta\u00e7\u00f5es:<\/p>\n\n\n\n<p>1. Enviar pedido de\nreenquadramento no Grupo 2 ao Fale Conosco da&nbsp;<strong>DCTFWeb<\/strong>. Se j\u00e1 tiver sido enviado o requerimento, n\u00e3o \u00e9 necess\u00e1rio\nnovo pedido;<\/p>\n\n\n\n<p>2. Acessar o&nbsp;<strong>Sicalcweb<\/strong> para emiss\u00e3o de DARF avulso.\nInformar para o PA 04\/2019 os seguintes par\u00e2metros:<\/p>\n\n\n\n<p>a. C\u00f3digo de Receita:\n9410;<\/p>\n\n\n\n<p>b. Per\u00edodo de\nApura\u00e7\u00e3o: 01\/04\/2019;<\/p>\n\n\n\n<p>c &#8211; N\u00famero do CNPJ:\nCNPJ matriz do contribuinte;<\/p>\n\n\n\n<p>d &#8211; N\u00famero de\nrefer\u00eancia: n\u00e3o preencher;<\/p>\n\n\n\n<p>e. Valor Principal:\ntotal devido no m\u00eas, incluindo Patronal, Desconto de Segurados e Terceiros;<\/p>\n\n\n\n<p>f. Valor da Multa e\ndos Juros: devem ser calculados pelo contribuinte, caso aplic\u00e1vel;<\/p>\n\n\n\n<p>g. Valor total: soma\nde valor principal, multa e juros.<\/p>\n\n\n\n<p>3. N\u00e3o utilizar GPS\npara pagamento dos d\u00e9bitos que devem ser declarados em DCTFWeb;<\/p>\n\n\n\n<p>4. Ap\u00f3s a comunica\u00e7\u00e3o\nde libera\u00e7\u00e3o, transmitir a DCTFWeb;<\/p>\n\n\n\n<p>5. Em seguida,\nacessar o sistema SISTAD (Ajustar Documentos de Arrecada\u00e7\u00e3o) para ajustar o\nDARF avulso aos d\u00e9bitos declarados na DCTFWeb.<\/p>\n\n\n\n<p>Para orienta\u00e7\u00f5es\nsobre o SISTAD (Ajustar Documentos de Arrecada\u00e7\u00e3o),&nbsp;http:\/\/receita.economia.gov.br\/interface\/lista-de-servicos\/pagamentos-e-parcelamentos\/pagamento\/ajustar-documentos-de-arrecadacao.<\/p>\n\n\n\n<p>Para mais orienta\u00e7\u00f5es\nsobre o DARF avulso, http:\/\/receita.economia.gov.br\/noticias\/ascom\/2018\/dezembro\/receita-federal-divulga-instrucoes-para-emissao-de-darf-avulso-no-caso-de-nao-fechamento-c.<\/p>\n\n\n\n<p>Acesse&nbsp;http:\/\/receita.economia.gov.br\/orientacao\/tributaria\/declaracoes-e-demonstrativos\/DCTFWeb\/DCTFWeb&nbsp;para\norienta\u00e7\u00f5es sobre a DCTFWeb.<\/p>\n\n\n\n<p>Por \u00faltimo,\ninforma-se que, nesse per\u00edodo inicial de obrigatoriedade da DCTFWeb, n\u00e3o haver\u00e1\nemiss\u00e3o autom\u00e1tica de Multa por Atraso no Envio de Declara\u00e7\u00f5es &#8211; MAED &#8211; para a\nDCTFWeb, no caso de transmiss\u00e3o da declara\u00e7\u00e3o ap\u00f3s o prazo de envio.<\/p>\n\n\n\n<p><em>Receita Federal do Brasil &#8211; RFB<\/em><\/p>\n","protected":false},"excerpt":{"rendered":"<p>A Secretaria Especial da Receita Federal do Brasil iniciou, neste m\u00eas de maio, a recep\u00e7\u00e3o da DCTFWeb (Declara\u00e7\u00e3o de D\u00e9bitos e Cr\u00e9ditos Tribut\u00e1rios Federais Previdenci\u00e1rios e de Outras Entidades e&hellip;<\/p>\n","protected":false},"author":1,"featured_media":0,"comment_status":"open","ping_status":"closed","sticky":false,"template":"","format":"standard","meta":{"footnotes":""},"categories":[71],"tags":[],"class_list":["post-1445","post","type-post","status-publish","format-standard","hentry","category-fiscal"],"_links":{"self":[{"href":"https:\/\/www.epcontabil.com.br\/blog\/wp-json\/wp\/v2\/posts\/1445","targetHints":{"allow":["GET"]}}],"collection":[{"href":"https:\/\/www.epcontabil.com.br\/blog\/wp-json\/wp\/v2\/posts"}],"about":[{"href":"https:\/\/www.epcontabil.com.br\/blog\/wp-json\/wp\/v2\/types\/post"}],"author":[{"embeddable":true,"href":"https:\/\/www.epcontabil.com.br\/blog\/wp-json\/wp\/v2\/users\/1"}],"replies":[{"embeddable":true,"href":"https:\/\/www.epcontabil.com.br\/blog\/wp-json\/wp\/v2\/comments?post=1445"}],"version-history":[{"count":1,"href":"https:\/\/www.epcontabil.com.br\/blog\/wp-json\/wp\/v2\/posts\/1445\/revisions"}],"predecessor-version":[{"id":1446,"href":"https:\/\/www.epcontabil.com.br\/blog\/wp-json\/wp\/v2\/posts\/1445\/revisions\/1446"}],"wp:attachment":[{"href":"https:\/\/www.epcontabil.com.br\/blog\/wp-json\/wp\/v2\/media?parent=1445"}],"wp:term":[{"taxonomy":"category","embeddable":true,"href":"https:\/\/www.epcontabil.com.br\/blog\/wp-json\/wp\/v2\/categories?post=1445"},{"taxonomy":"post_tag","embeddable":true,"href":"https:\/\/www.epcontabil.com.br\/blog\/wp-json\/wp\/v2\/tags?post=1445"}],"curies":[{"name":"wp","href":"https:\/\/api.w.org\/{rel}","templated":true}]}}