{"id":1484,"date":"2019-06-24T08:26:49","date_gmt":"2019-06-24T11:26:49","guid":{"rendered":"https:\/\/www.epcontabil.com.br\/blog\/?p=1484"},"modified":"2019-07-11T08:30:16","modified_gmt":"2019-07-11T11:30:16","slug":"ato-cotepe-mva-no-12-de-24-de-junho-de-2019%ef%bb%bf","status":"publish","type":"post","link":"https:\/\/www.epcontabil.com.br\/blog\/ato-cotepe-mva-no-12-de-24-de-junho-de-2019%ef%bb%bf\/","title":{"rendered":"ATO COTEPE\/MVA N\u00ba 12, DE 24 DE JUNHO DE 2019\ufeff"},"content":{"rendered":"\n<p>MINIST\u00c9RIO DA ECONOMIA<\/p>\n\n\n\n<p>SECRETARIA ESPECIAL DE FAZENDA<\/p>\n\n\n\n<p>CONSELHO NACIONAL DE POL\u00cdTICA FAZEND\u00c1RIA<\/p>\n\n\n\n<p>SECRETARIA EXECUTIVA<\/p>\n\n\n\n<p><strong>ATO\u00a0COTEPE\/MVA\u00a0N\u00ba\u00a012, DE\u00a024\u00a0DE\u00a0JUNHO\u00a0DE\u00a02019<\/strong><\/p>\n\n\n\n<p>DOU de 26\/06\/2019 (n\u00ba 121, Se\u00e7\u00e3o 1, p\u00e1g. 54)<\/p>\n\n\n\n<p>Altera as Tabelas I, II, III, IV, V, VI, VII, VIII, IX, X, XI, XII, XIII e XIV anexas ao\u00a0<strong>ATO COTEPE\/ICMS 42\/13<\/strong>, que divulga as margens de valor agregado a que se refere \u00e0\u00a0<strong>cl\u00e1usula oitava do Conv\u00eanio ICMS 110\/07<\/strong>, que disp\u00f5e sobre o regime de substitui\u00e7\u00e3o tribut\u00e1ria nas opera\u00e7\u00f5es com combust\u00edveis e lubrificantes, derivados ou n\u00e3o de petr\u00f3leo, e com outros produtos.<\/p>\n\n\n\n<p>O DIRETOR DO CONSELHO NACIONAL DE POL\u00cdTICA FAZEND\u00c1RIA &#8211; CONFAZ, no uso de suas atribui\u00e7\u00f5es,<\/p>\n\n\n\n<p>considerando o disposto nas\u00a0<strong>cl\u00e1usulas oitava<\/strong> e <strong>d\u00e9cima do Conv\u00eanio ICMS 110\/07, de 28 de setembro de 2007<\/strong>; e<\/p>\n\n\n\n<p>considerando as informa\u00e7\u00f5es recebidas das unidades federadas, constantes no processo SEI n\u00ba 12004.100678\/2019-59,<\/p>\n\n\n\n<p>Torna P\u00fablico que os Estados de S\u00e3o Paulo e Paran\u00e1, a partir de 1\u00ba de julho de 2019, adotar\u00e3o as margens de valor agregado, a seguir indicadas nas Tabelas I, II, III, IV, V, VI, VII, VIII, IX, X, XI, XII, XIII e XIV do\u00a0<strong>Ato COTEPE\/ICMS 42\/13, de 20 de setembro de 2013<\/strong>.<\/p>\n\n\n\n<figure class=\"wp-block-image is-resized\"><img loading=\"lazy\" decoding=\"async\" src=\"https:\/\/www.epcontabil.com.br\/blog\/wp-content\/uploads\/2019\/07\/atocotepemva12-594x1024.jpg\" alt=\"\" class=\"wp-image-1485\" width=\"870\" height=\"1499\" srcset=\"https:\/\/www.epcontabil.com.br\/blog\/wp-content\/uploads\/2019\/07\/atocotepemva12-594x1024.jpg 594w, https:\/\/www.epcontabil.com.br\/blog\/wp-content\/uploads\/2019\/07\/atocotepemva12-174x300.jpg 174w, https:\/\/www.epcontabil.com.br\/blog\/wp-content\/uploads\/2019\/07\/atocotepemva12-768x1324.jpg 768w, https:\/\/www.epcontabil.com.br\/blog\/wp-content\/uploads\/2019\/07\/atocotepemva12-585x1009.jpg 585w, https:\/\/www.epcontabil.com.br\/blog\/wp-content\/uploads\/2019\/07\/atocotepemva12.jpg 973w\" sizes=\"auto, (max-width: 870px) 100vw, 870px\" \/><\/figure>\n\n\n\n<p>BRUNO PESSANHA NEGRIS<\/p>\n","protected":false},"excerpt":{"rendered":"<p>MINIST\u00c9RIO DA ECONOMIA SECRETARIA ESPECIAL DE FAZENDA CONSELHO NACIONAL DE POL\u00cdTICA FAZEND\u00c1RIA SECRETARIA EXECUTIVA ATO\u00a0COTEPE\/MVA\u00a0N\u00ba\u00a012, DE\u00a024\u00a0DE\u00a0JUNHO\u00a0DE\u00a02019 DOU de 26\/06\/2019 (n\u00ba 121, Se\u00e7\u00e3o 1, p\u00e1g. 54) Altera as Tabelas I, II,&hellip;<\/p>\n","protected":false},"author":1,"featured_media":0,"comment_status":"open","ping_status":"closed","sticky":false,"template":"","format":"standard","meta":{"footnotes":""},"categories":[71],"tags":[],"class_list":["post-1484","post","type-post","status-publish","format-standard","hentry","category-fiscal"],"_links":{"self":[{"href":"https:\/\/www.epcontabil.com.br\/blog\/wp-json\/wp\/v2\/posts\/1484","targetHints":{"allow":["GET"]}}],"collection":[{"href":"https:\/\/www.epcontabil.com.br\/blog\/wp-json\/wp\/v2\/posts"}],"about":[{"href":"https:\/\/www.epcontabil.com.br\/blog\/wp-json\/wp\/v2\/types\/post"}],"author":[{"embeddable":true,"href":"https:\/\/www.epcontabil.com.br\/blog\/wp-json\/wp\/v2\/users\/1"}],"replies":[{"embeddable":true,"href":"https:\/\/www.epcontabil.com.br\/blog\/wp-json\/wp\/v2\/comments?post=1484"}],"version-history":[{"count":2,"href":"https:\/\/www.epcontabil.com.br\/blog\/wp-json\/wp\/v2\/posts\/1484\/revisions"}],"predecessor-version":[{"id":1487,"href":"https:\/\/www.epcontabil.com.br\/blog\/wp-json\/wp\/v2\/posts\/1484\/revisions\/1487"}],"wp:attachment":[{"href":"https:\/\/www.epcontabil.com.br\/blog\/wp-json\/wp\/v2\/media?parent=1484"}],"wp:term":[{"taxonomy":"category","embeddable":true,"href":"https:\/\/www.epcontabil.com.br\/blog\/wp-json\/wp\/v2\/categories?post=1484"},{"taxonomy":"post_tag","embeddable":true,"href":"https:\/\/www.epcontabil.com.br\/blog\/wp-json\/wp\/v2\/tags?post=1484"}],"curies":[{"name":"wp","href":"https:\/\/api.w.org\/{rel}","templated":true}]}}