{"id":2115,"date":"2025-10-21T10:53:00","date_gmt":"2025-10-21T13:53:00","guid":{"rendered":"https:\/\/www.epcontabil.com.br\/blog\/?p=2115"},"modified":"2025-10-27T06:47:26","modified_gmt":"2025-10-27T09:47:26","slug":"receita-federal-aprimora-painel-de-creditos-ativos-e-amplia-transparencia-na-gestao-tributaria","status":"publish","type":"post","link":"https:\/\/www.epcontabil.com.br\/blog\/receita-federal-aprimora-painel-de-creditos-ativos-e-amplia-transparencia-na-gestao-tributaria\/","title":{"rendered":"Receita Federal aprimora painel de Cr\u00e9ditos Ativos e amplia transpar\u00eancia na gest\u00e3o tribut\u00e1ria"},"content":{"rendered":"\n<p>A Receita Federal do Brasil aprimorou o painel &#8220;Cr\u00e9ditos Ativos Administrados pela Receita Federal&#8221;, ampliando suas funcionalidades e sua capacidade anal\u00edtica. A ferramenta consolida informa\u00e7\u00f5es sobre o estoque de cr\u00e9ditos tribut\u00e1rios sob gest\u00e3o da institui\u00e7\u00e3o, permitindo uma vis\u00e3o mais detalhada e estrat\u00e9gica da arrecada\u00e7\u00e3o federal.<\/p>\n\n\n\n<p>Os cr\u00e9ditos ativos representam valores que a Uni\u00e3o tem a receber de contribuintes &#8211; pessoas f\u00edsicas e jur\u00eddicas &#8211; decorrentes de tributos declarados e n\u00e3o pagos, parcelamentos, d\u00e9bitos em cobran\u00e7a e em discuss\u00e3o administrativa ou judicial. O monitoramento desses valores \u00e9 fundamental para o fortalecimento da gest\u00e3o da arrecada\u00e7\u00e3o, da conformidade fiscal e da transpar\u00eancia p\u00fablica.<\/p>\n\n\n\n<p>Com as atualiza\u00e7\u00f5es implementadas, o painel passa a oferecer novas possibilidades de an\u00e1lise e de segmenta\u00e7\u00e3o de dados, favorecendo estudos e comparativos sobre o comportamento dos cr\u00e9ditos ativos.<\/p>\n\n\n\n<p>Entre as principais melhorias est\u00e3o:<\/p>\n\n\n\n<p>Inclus\u00e3o do filtro de empresas do Simples Nacional;<\/p>\n\n\n\n<p>Inclus\u00e3o do filtro de Microempreendedor Individual (MEI);<\/p>\n\n\n\n<p>Cria\u00e7\u00e3o do painel &#8220;Contribuintes&#8221;, que apresenta os quantitativos segmentados por:<\/p>\n\n\n\n<ul class=\"wp-block-list\">\n<li>Situa\u00e7\u00e3o cadastral, e<\/li>\n\n\n\n<li>Situa\u00e7\u00e3o do d\u00e9bito.<\/li>\n<\/ul>\n\n\n\n<p>A iniciativa refor\u00e7a o compromisso da Receita Federal com a governan\u00e7a de dados, a moderniza\u00e7\u00e3o de suas ferramentas de gest\u00e3o e a transpar\u00eancia ativa na administra\u00e7\u00e3o tribut\u00e1ria.<\/p>\n\n\n\n<p>Acesso: Os pain\u00e9is est\u00e3o dispon\u00edveis aqui no site, <a href=\"https:\/\/app.powerbi.com\/view?r=eyJrIjoiMThiODM5YzYtNDRlZi00MjNhLThkZTUtOGFjY2Y3OTIzYTNiIiwidCI6IjZmNDlhYTQzLTgyMmEtNGMyMC05NjcwLWRiNzcwMGJmMWViMCJ9\">neste link<\/a>.<\/p>\n\n\n\n<p><em>Fonte: Receita Federal do Brasil &#8211; RFB<\/em><\/p>\n","protected":false},"excerpt":{"rendered":"<p>A Receita Federal do Brasil aprimorou o painel &#8220;Cr\u00e9ditos Ativos Administrados pela Receita Federal&#8221;, ampliando suas funcionalidades e sua capacidade anal\u00edtica. A ferramenta consolida informa\u00e7\u00f5es sobre o estoque de cr\u00e9ditos&hellip;<\/p>\n","protected":false},"author":1,"featured_media":0,"comment_status":"open","ping_status":"closed","sticky":false,"template":"","format":"standard","meta":{"footnotes":""},"categories":[71],"tags":[],"class_list":["post-2115","post","type-post","status-publish","format-standard","hentry","category-fiscal"],"_links":{"self":[{"href":"https:\/\/www.epcontabil.com.br\/blog\/wp-json\/wp\/v2\/posts\/2115","targetHints":{"allow":["GET"]}}],"collection":[{"href":"https:\/\/www.epcontabil.com.br\/blog\/wp-json\/wp\/v2\/posts"}],"about":[{"href":"https:\/\/www.epcontabil.com.br\/blog\/wp-json\/wp\/v2\/types\/post"}],"author":[{"embeddable":true,"href":"https:\/\/www.epcontabil.com.br\/blog\/wp-json\/wp\/v2\/users\/1"}],"replies":[{"embeddable":true,"href":"https:\/\/www.epcontabil.com.br\/blog\/wp-json\/wp\/v2\/comments?post=2115"}],"version-history":[{"count":1,"href":"https:\/\/www.epcontabil.com.br\/blog\/wp-json\/wp\/v2\/posts\/2115\/revisions"}],"predecessor-version":[{"id":2116,"href":"https:\/\/www.epcontabil.com.br\/blog\/wp-json\/wp\/v2\/posts\/2115\/revisions\/2116"}],"wp:attachment":[{"href":"https:\/\/www.epcontabil.com.br\/blog\/wp-json\/wp\/v2\/media?parent=2115"}],"wp:term":[{"taxonomy":"category","embeddable":true,"href":"https:\/\/www.epcontabil.com.br\/blog\/wp-json\/wp\/v2\/categories?post=2115"},{"taxonomy":"post_tag","embeddable":true,"href":"https:\/\/www.epcontabil.com.br\/blog\/wp-json\/wp\/v2\/tags?post=2115"}],"curies":[{"name":"wp","href":"https:\/\/api.w.org\/{rel}","templated":true}]}}