{"id":2117,"date":"2025-10-21T10:59:00","date_gmt":"2025-10-21T13:59:00","guid":{"rendered":"https:\/\/www.epcontabil.com.br\/blog\/?p=2117"},"modified":"2025-10-27T06:48:27","modified_gmt":"2025-10-27T09:48:27","slug":"sefaz-sp-lanca-acao-de-autorregularizacao-para-contribuintes-do-simples-nacional","status":"publish","type":"post","link":"https:\/\/www.epcontabil.com.br\/blog\/sefaz-sp-lanca-acao-de-autorregularizacao-para-contribuintes-do-simples-nacional\/","title":{"rendered":"Sefaz-SP lan\u00e7a a\u00e7\u00e3o de autorregulariza\u00e7\u00e3o para contribuintes do Simples Nacional"},"content":{"rendered":"\n<p>A Secretaria da Fazenda e Planejamento do Estado de S\u00e3o Paulo (Sefaz-SP) inicia nesta semana uma a\u00e7\u00e3o de autorregulariza\u00e7\u00e3o direcionada a empresas optantes pelo Simples Nacional. O objetivo \u00e9 oferecer aos contribuintes a oportunidade de corrigir espontaneamente eventuais inconsist\u00eancias identificadas em suas declara\u00e7\u00f5es, prevenindo a abertura de fiscaliza\u00e7\u00f5es e a aplica\u00e7\u00e3o de penalidades.<\/p>\n\n\n\n<p>A iniciativa tem como base o cruzamento de informa\u00e7\u00f5es fiscais que revelou omiss\u00f5es de receita e diverg\u00eancias entre os valores declarados no Programa Gerador do Documento de Arrecada\u00e7\u00e3o do Simples Nacional (PGDAS) e os montantes apurados pelo Fisco.<\/p>\n\n\n\n<p>Em um primeiro momento, os contribuintes identificados nas malhas fiscais receber\u00e3o, via Domic\u00edlio Eletr\u00f4nico do Contribuinte (DEC), um aviso contendo a descri\u00e7\u00e3o das inconsist\u00eancias encontradas, al\u00e9m de orienta\u00e7\u00f5es sobre as medidas necess\u00e1rias para a regulariza\u00e7\u00e3o.<\/p>\n\n\n\n<p>O prazo para que os contribuintes realizem a autorregulariza\u00e7\u00e3o ser\u00e1 de 45 dias a contar do recebimento da notifica\u00e7\u00e3o. Caso n\u00e3o sejam feitas as devidas retifica\u00e7\u00f5es, a Sefaz-SP adotar\u00e1 as medidas legais cab\u00edveis, incluindo a possibilidade de abertura de a\u00e7\u00e3o fiscal, sempre assegurados o contradit\u00f3rio e a ampla defesa.<\/p>\n\n\n\n<p><em>Fonte: Secretaria da Fazenda do Estado de S\u00e3o Paulo &#8211; SEFAZ-SP<\/em><\/p>\n","protected":false},"excerpt":{"rendered":"<p>A Secretaria da Fazenda e Planejamento do Estado de S\u00e3o Paulo (Sefaz-SP) inicia nesta semana uma a\u00e7\u00e3o de autorregulariza\u00e7\u00e3o direcionada a empresas optantes pelo Simples Nacional. O objetivo \u00e9 oferecer&hellip;<\/p>\n","protected":false},"author":1,"featured_media":0,"comment_status":"open","ping_status":"closed","sticky":false,"template":"","format":"standard","meta":{"footnotes":""},"categories":[71],"tags":[],"class_list":["post-2117","post","type-post","status-publish","format-standard","hentry","category-fiscal"],"_links":{"self":[{"href":"https:\/\/www.epcontabil.com.br\/blog\/wp-json\/wp\/v2\/posts\/2117","targetHints":{"allow":["GET"]}}],"collection":[{"href":"https:\/\/www.epcontabil.com.br\/blog\/wp-json\/wp\/v2\/posts"}],"about":[{"href":"https:\/\/www.epcontabil.com.br\/blog\/wp-json\/wp\/v2\/types\/post"}],"author":[{"embeddable":true,"href":"https:\/\/www.epcontabil.com.br\/blog\/wp-json\/wp\/v2\/users\/1"}],"replies":[{"embeddable":true,"href":"https:\/\/www.epcontabil.com.br\/blog\/wp-json\/wp\/v2\/comments?post=2117"}],"version-history":[{"count":1,"href":"https:\/\/www.epcontabil.com.br\/blog\/wp-json\/wp\/v2\/posts\/2117\/revisions"}],"predecessor-version":[{"id":2118,"href":"https:\/\/www.epcontabil.com.br\/blog\/wp-json\/wp\/v2\/posts\/2117\/revisions\/2118"}],"wp:attachment":[{"href":"https:\/\/www.epcontabil.com.br\/blog\/wp-json\/wp\/v2\/media?parent=2117"}],"wp:term":[{"taxonomy":"category","embeddable":true,"href":"https:\/\/www.epcontabil.com.br\/blog\/wp-json\/wp\/v2\/categories?post=2117"},{"taxonomy":"post_tag","embeddable":true,"href":"https:\/\/www.epcontabil.com.br\/blog\/wp-json\/wp\/v2\/tags?post=2117"}],"curies":[{"name":"wp","href":"https:\/\/api.w.org\/{rel}","templated":true}]}}