{"id":2120,"date":"2025-12-02T14:38:00","date_gmt":"2025-12-02T17:38:00","guid":{"rendered":"https:\/\/www.epcontabil.com.br\/blog\/?p=2120"},"modified":"2025-12-08T10:28:45","modified_gmt":"2025-12-08T13:28:45","slug":"modulo-de-administracao-tributaria-mat","status":"publish","type":"post","link":"https:\/\/www.epcontabil.com.br\/blog\/modulo-de-administracao-tributaria-mat\/","title":{"rendered":"M\u00f3dulo de Administra\u00e7\u00e3o Tribut\u00e1ria (MAT)"},"content":{"rendered":"\n<p style=\"font-size:25px\">O que \u00e9 M\u00f3dulo de Administra\u00e7\u00e3o Tribut\u00e1ria (MAT) e sua aplica\u00e7\u00e3o, inclusive na constitui\u00e7\u00e3o de uma nova empresa?<\/p>\n\n\n\n<p class=\"has-small-font-size\">Explico de forma objetiva e jur\u00eddica o que \u00e9 o M\u00f3dulo de Administra\u00e7\u00e3o Tribut\u00e1ria (MAT) e como ele atua inclusive na constitui\u00e7\u00e3o de uma nova empresa perante o fisco municipal\/estadual.<\/p>\n\n\n\n<p style=\"font-size:20px\"><strong>O que \u00e9 o M\u00f3dulo de Administra\u00e7\u00e3o Tribut\u00e1ria (MAT)<\/strong><\/p>\n\n\n\n<p>O <strong>M\u00f3dulo de Administra\u00e7\u00e3o Tribut\u00e1ria (MAT)<\/strong> \u00e9 um <strong>sistema informatizado utilizado por estados e, principalmente, prefeituras para gerir, lan\u00e7ar, fiscalizar e controlar tributos<\/strong>, integrando informa\u00e7\u00f5es econ\u00f4micas, cadastrais, fiscais e financeiras dos contribuintes.<br>Ele faz parte do ambiente de <strong>gest\u00e3o tribut\u00e1ria<\/strong> \u2014 geralmente integrado ao<strong> Sistema de Nota Fiscal, ao Cadastro Mobili\u00e1rio, ao Cadastro Imobili\u00e1rio, ao REGIN, ao REDESIM<\/strong> e aos bancos de dados estaduais.<\/p>\n\n\n\n<p style=\"font-size:20px\"><strong>Fun\u00e7\u00f5es principais do MAT<\/strong><\/p>\n\n\n\n<p>O MAT costuma abranger:<\/p>\n\n\n\n<ol class=\"wp-block-list\">\n<li><strong>Cadastro de Contribuintes<\/strong><\/li>\n<\/ol>\n\n\n\n<ul class=\"wp-block-list\">\n<li>Pessoa Jur\u00eddica (Inscri\u00e7\u00e3o Municipal)<\/li>\n\n\n\n<li>Pessoa F\u00edsica (profissionais aut\u00f4nomos)<\/li>\n\n\n\n<li>Microempreendedor Individual<\/li>\n\n\n\n<li>Cadastro imobili\u00e1rio (IPTU)<\/li>\n\n\n\n<li>Cadastro econ\u00f4mico (atividades, CNAE, porte)<\/li>\n<\/ul>\n\n\n\n<ol start=\"2\" class=\"wp-block-list\">\n<li class=\"has-small-font-size\"><strong>Lan\u00e7amento e Controle de Tributos<\/strong><\/li>\n<\/ol>\n\n\n\n<ul class=\"wp-block-list\">\n<li>ISS (fixo e vari\u00e1vel)<\/li>\n\n\n\n<li>Taxas (alvar\u00e1, vigil\u00e2ncia, localiza\u00e7\u00e3o, publicidade)<\/li>\n\n\n\n<li>ITBI<\/li>\n\n\n\n<li>IPTU (nas prefeituras que usam MAT integrado)<\/li>\n<\/ul>\n\n\n\n<ol start=\"3\" class=\"wp-block-list\">\n<li><strong>Fiscaliza\u00e7\u00e3o<\/strong><\/li>\n<\/ol>\n\n\n\n<ul class=\"wp-block-list\">\n<li>Emiss\u00e3o de notifica\u00e7\u00f5es e autos de infra\u00e7\u00e3o<\/li>\n\n\n\n<li>Acompanhamento de declara\u00e7\u00f5es e omiss\u00f5es<\/li>\n\n\n\n<li>Cruzamento: <strong>NFS-e x Cart\u00e3o x PIX x Contabilidade<\/strong><\/li>\n<\/ul>\n\n\n\n<ol start=\"4\" class=\"wp-block-list\">\n<li><strong>D\u00edvida ativa e cobran\u00e7a<\/strong><\/li>\n<\/ol>\n\n\n\n<ul class=\"wp-block-list\">\n<li>D\u00e9bitos vencidos<\/li>\n\n\n\n<li>Parcelamentos<\/li>\n\n\n\n<li>Prescri\u00e7\u00e3o e atualiza\u00e7\u00e3o monet\u00e1ria<\/li>\n<\/ul>\n\n\n\n<ol start=\"5\" class=\"wp-block-list\">\n<li><strong>Licenciamento<\/strong><\/li>\n<\/ol>\n\n\n\n<ul class=\"wp-block-list\">\n<li>Alvar\u00e1 de funcionamento<\/li>\n\n\n\n<li>Habite-se<\/li>\n\n\n\n<li class=\"has-medium-font-size\">Certid\u00f5es diversas (CND, negativa de d\u00e9bitos imobili\u00e1rios etc.)<\/li>\n<\/ul>\n\n\n\n<p style=\"font-size:20px\"><strong>Aplica\u00e7\u00e3o do MAT na constitui\u00e7\u00e3o de uma nova empresa<\/strong><\/p>\n\n\n\n<p>Na abertura de empresa, o MAT participa de v\u00e1rias etapas, especialmente no \u00e2mbito municipal.<\/p>\n\n\n\n<ol class=\"wp-block-list\">\n<li><strong>Integra\u00e7\u00e3o com a REDESIM \/ REGIN<br><\/strong>Quando a empresa \u00e9 registrada na Junta Comercial, os dados s\u00e3o enviados ao Munic\u00edpio.<br>O MAT recebe automaticamente:<\/li>\n<\/ol>\n\n\n\n<ul class=\"wp-block-list\">\n<li>raz\u00e3o social<\/li>\n\n\n\n<li>nome fantasia<\/li>\n\n\n\n<li>CNAE<\/li>\n\n\n\n<li>endere\u00e7o<\/li>\n\n\n\n<li>respons\u00e1vel legal<\/li>\n\n\n\n<li>tributa\u00e7\u00e3o prevista (Simples, Lucro Presumido etc.)<\/li>\n<\/ul>\n\n\n\n<ol start=\"2\" class=\"wp-block-list\">\n<li><strong>Cria\u00e7\u00e3o da Inscri\u00e7\u00e3o Municipal<br><\/strong>O MAT gera o n\u00famero da Inscri\u00e7\u00e3o Municipal, condi\u00e7\u00e3o obrigat\u00f3ria para:<\/li>\n<\/ol>\n\n\n\n<ul class=\"wp-block-list\">\n<li>emitir NFS-e<\/li>\n\n\n\n<li>recolher ISS<\/li>\n\n\n\n<li>solicitar alvar\u00e1<\/li>\n\n\n\n<li>atender fiscaliza\u00e7\u00f5es<\/li>\n<\/ul>\n\n\n\n<ol start=\"3\" class=\"wp-block-list\">\n<li><strong>Libera\u00e7\u00e3o ou exig\u00eancias para o Alvar\u00e1<\/strong><br>Com base no MAT, o munic\u00edpio define:<\/li>\n<\/ol>\n\n\n\n<ul class=\"wp-block-list\">\n<li>enquadramento da atividade<\/li>\n\n\n\n<li>zona de uso do im\u00f3vel<\/li>\n\n\n\n<li>necessidade de vistoria (bombeiros, vigil\u00e2ncia sanit\u00e1ria etc.)<\/li>\n\n\n\n<li>emiss\u00e3o do alvar\u00e1 definitivo ou provis\u00f3rio<\/li>\n<\/ul>\n\n\n\n<ol start=\"4\" class=\"wp-block-list\">\n<li><strong>Enquadramento tribut\u00e1rio do ISS<\/strong><br>O MAT classifica se a empresa:<\/li>\n<\/ol>\n\n\n\n<ul class=\"wp-block-list\">\n<li>recolher\u00e1 ISS fixo (profiss\u00f5es regulamentadas)<\/li>\n\n\n\n<li>ISS vari\u00e1vel sobre o faturamento<\/li>\n\n\n\n<li>ISS sob regime especial<\/li>\n\n\n\n<li>ISS sem reten\u00e7\u00e3o ou com substitui\u00e7\u00e3o tribut\u00e1ria<\/li>\n<\/ul>\n\n\n\n<ol start=\"5\" class=\"wp-block-list\">\n<li><strong>Defini\u00e7\u00e3o da Taxa de Licen\u00e7a e Localiza\u00e7\u00e3o<\/strong><br>Com base no cadastro, o sistema calcula automaticamente:<\/li>\n<\/ol>\n\n\n\n<ul class=\"wp-block-list\">\n<li>taxa de fiscaliza\u00e7\u00e3o (TFF)<\/li>\n\n\n\n<li>taxa de localiza\u00e7\u00e3o e funcionamento<\/li>\n\n\n\n<li>taxa de publicidade (se houver placa\/letreiro)<\/li>\n<\/ul>\n\n\n\n<ol start=\"6\" class=\"wp-block-list\">\n<li><strong>Integra\u00e7\u00e3o para emiss\u00e3o de NFS-e<\/strong><br>Ap\u00f3s ativa\u00e7\u00e3o no MAT:<\/li>\n<\/ol>\n\n\n\n<ul class=\"wp-block-list\">\n<li>a empresa \u00e9 habilitada a emitir <strong>Nota Fiscal de Servi\u00e7os Eletr\u00f4nica<\/strong><\/li>\n\n\n\n<li>o sistema define:<br>o al\u00edquotas<br>o c\u00f3digo de servi\u00e7os<br>o reten\u00e7\u00e3o ou n\u00e3o reten\u00e7\u00e3o de ISS<\/li>\n<\/ul>\n\n\n\n<ol start=\"7\" class=\"wp-block-list\">\n<li><strong>In\u00edcio do monitoramento fiscal<\/strong><br>Assim que ativa, a empresa passa a ser monitorada pelo MAT, incluindo:<\/li>\n<\/ol>\n\n\n\n<ul class=\"wp-block-list\">\n<li>diverg\u00eancia entre cart\u00f5es, PIX e NFS-e<\/li>\n\n\n\n<li>opera\u00e7\u00f5es sujeitas a substitui\u00e7\u00e3o tribut\u00e1ria<\/li>\n\n\n\n<li>omiss\u00e3o de declara\u00e7\u00f5es<\/li>\n\n\n\n<li>faturamento incompat\u00edvel com o porte<br>Ou seja, a fiscaliza\u00e7\u00e3o inicia no momento da abertura.<\/li>\n<\/ul>\n\n\n\n<p style=\"font-size:20px\"><strong>Em resumo<\/strong><\/p>\n\n\n\n<p>O <strong>MAT \u00e9 o sistema que controla toda a vida tribut\u00e1ria da empresa perante o Munic\u00edpio (e, em alguns estados, perante a Sefaz)<\/strong>.<br>Na abertura da empresa, ele atua em:<\/p>\n\n\n\n<ol class=\"wp-block-list\">\n<li>Importa\u00e7\u00e3o dos dados da Junta Comercial (REGIN\/REDESIM).<\/li>\n\n\n\n<li>Cria\u00e7\u00e3o da Inscri\u00e7\u00e3o Municipal.<\/li>\n\n\n\n<li>Libera\u00e7\u00e3o de alvar\u00e1.<\/li>\n\n\n\n<li>Classifica\u00e7\u00e3o do ISS.<\/li>\n\n\n\n<li>C\u00e1lculo de taxas municipais.<\/li>\n\n\n\n<li>Habilita\u00e7\u00e3o para NFS-e.<\/li>\n\n\n\n<li>In\u00edcio do monitoramento fiscal.<\/li>\n<\/ol>\n\n\n\n<p><em>Fonte: EP Cont\u00e1bil<\/em><\/p>\n\n\n\n<p><\/p>\n","protected":false},"excerpt":{"rendered":"<p>O que \u00e9 M\u00f3dulo de Administra\u00e7\u00e3o Tribut\u00e1ria (MAT) e sua aplica\u00e7\u00e3o, inclusive na constitui\u00e7\u00e3o de uma nova empresa? Explico de forma objetiva e jur\u00eddica o que \u00e9 o M\u00f3dulo de&hellip;<\/p>\n","protected":false},"author":1,"featured_media":0,"comment_status":"open","ping_status":"closed","sticky":false,"template":"","format":"standard","meta":{"footnotes":""},"categories":[71],"tags":[],"class_list":["post-2120","post","type-post","status-publish","format-standard","hentry","category-fiscal"],"_links":{"self":[{"href":"https:\/\/www.epcontabil.com.br\/blog\/wp-json\/wp\/v2\/posts\/2120","targetHints":{"allow":["GET"]}}],"collection":[{"href":"https:\/\/www.epcontabil.com.br\/blog\/wp-json\/wp\/v2\/posts"}],"about":[{"href":"https:\/\/www.epcontabil.com.br\/blog\/wp-json\/wp\/v2\/types\/post"}],"author":[{"embeddable":true,"href":"https:\/\/www.epcontabil.com.br\/blog\/wp-json\/wp\/v2\/users\/1"}],"replies":[{"embeddable":true,"href":"https:\/\/www.epcontabil.com.br\/blog\/wp-json\/wp\/v2\/comments?post=2120"}],"version-history":[{"count":7,"href":"https:\/\/www.epcontabil.com.br\/blog\/wp-json\/wp\/v2\/posts\/2120\/revisions"}],"predecessor-version":[{"id":2128,"href":"https:\/\/www.epcontabil.com.br\/blog\/wp-json\/wp\/v2\/posts\/2120\/revisions\/2128"}],"wp:attachment":[{"href":"https:\/\/www.epcontabil.com.br\/blog\/wp-json\/wp\/v2\/media?parent=2120"}],"wp:term":[{"taxonomy":"category","embeddable":true,"href":"https:\/\/www.epcontabil.com.br\/blog\/wp-json\/wp\/v2\/categories?post=2120"},{"taxonomy":"post_tag","embeddable":true,"href":"https:\/\/www.epcontabil.com.br\/blog\/wp-json\/wp\/v2\/tags?post=2120"}],"curies":[{"name":"wp","href":"https:\/\/api.w.org\/{rel}","templated":true}]}}